{"id":9988,"date":"2018-09-11T09:02:55","date_gmt":"2018-09-11T07:02:55","guid":{"rendered":"https:\/\/www.comunicazione21.com\/social-wall-cose\/"},"modified":"2025-05-12T14:38:55","modified_gmt":"2025-05-12T12:38:55","slug":"social-wall-what","status":"publish","type":"post","link":"https:\/\/www.comunicazione21.com\/en\/social-wall-what\/","title":{"rendered":"Social Wall: optimize the update of your site!"},"content":{"rendered":"<div class=\"wpb-content-wrapper\"><p>[vc_row][vc_column offset=&#8221;vc_col-lg-offset-1\/5 vc_col-lg-8&#8243;][vc_column_text css=&#8221;&#8221; el_class=&#8221;p1&#8243;]Say a little: wouldn\u2019t you like to have a more updated and dynamic site, that conveys the clear feeling that there is always something in the pot? Being always active online, whether it is events, initiatives or simply attention to the latest news in your sector, makes all the difference in the world in a customer\u2019s first impression. Constantly uploading new content and keeping a news section active, however, takes a lot of time. What if we told you that there is a way to keep your site up to date, without having to constantly upload new content? The answer to all your dilemmas is one: the Social Wall.[\/vc_column_text][\/vc_column][\/vc_row][vc_row type=&#8221;vc_default&#8221; full_width=&#8221;stretch_row&#8221; css=&#8221;.vc_custom_1745996025180{background-position: 0 0 !important;background-repeat: no-repeat !important;}&#8221;][vc_column offset=&#8221;vc_col-lg-offset-1\/5 vc_col-lg-8 vc_hidden-sm vc_hidden-xs&#8221;][vc_empty_space][\/vc_column][\/vc_row][vc_row][vc_column offset=&#8221;vc_col-lg-offset-1 vc_col-lg-10 vc_col-xs-offset-1 vc_col-xs-11&#8243;][vc_column_text css=&#8221;&#8221; el_class=&#8221;h-circle-blue-marketing&#8221;]<\/p>\n<h2>SOCIAL WALL: WHAT IS IT?<\/h2>\n<p>[\/vc_column_text][\/vc_column][\/vc_row][vc_row][vc_column offset=&#8221;vc_col-lg-offset-1 vc_col-lg-10&#8243;][vc_single_image image=&#8221;1789&#8243; img_size=&#8221;large&#8221; alignment=&#8221;center&#8221; css=&#8221;&#8221; qode_css_animation=&#8221;&#8221;][vc_column_text css=&#8221;&#8221; el_class=&#8221;p2&#8243;]<\/p>\n<p style=\"font-weight: 400;\">Just as the English term suggests, a Social Wall is a real &#8220;wall&#8221; that aggregates all content from any social media you are using (Facebook, Instagram, Twitter etc.) into one large feed. And by each we mean just any content: on the Social Wall, in fact, will be shown both the content directly published by you, as well as those shared by other users who interact directly or indirectly with your profiles. You can choose the graphic layout and decide how to organize its contents according to the message you want to convey or the use you intend to make of it.<\/p>\n<p>[\/vc_column_text][\/vc_column][\/vc_row][vc_row][vc_column offset=&#8221;vc_col-lg-offset-1 vc_col-lg-10 vc_hidden-sm vc_hidden-xs&#8221;][vc_empty_space height=&#8221;64px&#8221;][\/vc_column][\/vc_row][vc_row][vc_column offset=&#8221;vc_col-lg-offset-1 vc_col-lg-10 vc_hidden-lg vc_hidden-md&#8221;][vc_empty_space][\/vc_column][\/vc_row][vc_row][vc_column offset=&#8221;vc_col-lg-offset-1 vc_col-lg-10 vc_col-xs-offset-1 vc_col-xs-11&#8243;][vc_column_text css=&#8221;&#8221; el_class=&#8221;h-circle-blue-marketing&#8221;]<\/p>\n<h2>SOCIAL WALL: POSSIBLE USES<\/h2>\n<p>[\/vc_column_text][\/vc_column][\/vc_row][vc_row][vc_column offset=&#8221;vc_col-lg-offset-1 vc_col-lg-10&#8243;][vc_single_image image=&#8221;1793&#8243; img_size=&#8221;large&#8221; alignment=&#8221;center&#8221; css=&#8221;&#8221; qode_css_animation=&#8221;&#8221;][vc_column_text css=&#8221;&#8221; el_class=&#8221;p2&#8243;]<\/p>\n<p style=\"font-weight: 400;\">The Social Wall is a really versatile tool and can be useful especially in 2 occasions:<\/p>\n<p>[\/vc_column_text][\/vc_column][\/vc_row][vc_row][vc_column offset=&#8221;vc_col-lg-offset-1 vc_col-lg-10&#8243;][vc_column_text css=&#8221;&#8221;]<\/p>\n<h3>1 &#8211; When you need to keep your site up-to-date and dynamic<\/h3>\n<p>[\/vc_column_text][vc_column_text css=&#8221;&#8221; el_class=&#8221;p2&#8243;]<\/p>\n<p style=\"font-weight: 400;\">This is certainly the main reason. The Social Wall on your website can become a separate page perfectly inserted within the structure of your site and that can easily replace any news section. Why waste time creating fresh new content after already having created and promoted it through your social networks? Unless you want to create articles that actually add value to the user experience on your site, creating ad-hoc content related to events or news with a limited lifespan makes little sense. The Social Wall helps you to transfer on your site all the content and the dynamics of your social networks giving you also the possibility to organize them by topic through hashtags and keywords.<\/p>\n<p>[\/vc_column_text][\/vc_column][\/vc_row][vc_row][vc_column offset=&#8221;vc_col-lg-offset-1 vc_col-lg-10&#8243;][vc_column_text css=&#8221;&#8221;]<\/p>\n<h3>2 &#8211; When you want to engage your users during an event<\/h3>\n<p>[\/vc_column_text][vc_column_text css=&#8221;&#8221; el_class=&#8221;p2&#8243;]<\/p>\n<p style=\"font-weight: 400;\">Have you ever attended or even organize an event and want to maximize the participation of your users? The Social Wall can help you with that too. If you\u2019ve organized a special event or are attending an important trade show, you can encourage your users to actively participate in the conversation by using dedicated hashtags or tagging your company page or event page. In this way you can interact directly with your users and automatically transfer all the fruits of this interaction on your website, showing you up to date, always on the spot and interested in the opinions of those who follow you.<\/p>\n<p>[\/vc_column_text][\/vc_column][\/vc_row][vc_row][vc_column offset=&#8221;vc_col-lg-offset-1 vc_col-lg-10 vc_hidden-sm vc_hidden-xs&#8221;][vc_empty_space height=&#8221;64px&#8221;][\/vc_column][\/vc_row][vc_row][vc_column offset=&#8221;vc_col-lg-offset-1 vc_col-lg-10 vc_hidden-lg vc_hidden-md&#8221;][vc_empty_space][\/vc_column][\/vc_row][vc_row][vc_column offset=&#8221;vc_col-lg-offset-1 vc_col-lg-10 vc_col-xs-offset-1 vc_col-xs-11&#8243;][vc_column_text css=&#8221;&#8221; el_class=&#8221;h-circle-blue-marketing&#8221;]<\/p>\n<h2>SOCIAL WALL: HOW TO CREATE IT<\/h2>\n<p>[\/vc_column_text][\/vc_column][\/vc_row][vc_row][vc_column offset=&#8221;vc_col-lg-offset-1 vc_col-lg-10&#8243;][vc_single_image image=&#8221;1791&#8243; img_size=&#8221;large&#8221; alignment=&#8221;center&#8221; css=&#8221;&#8221; qode_css_animation=&#8221;&#8221;][vc_column_text css=&#8221;&#8221; el_class=&#8221;p2&#8243;]<\/p>\n<p style=\"font-weight: 400;\">There are many ways to create a Social Wall. We decided to talk about what we think is the ideal solution. If your site is built with WordPress the best thing is to install the plugin Flow-Flow Social Stream, which allows you to create a Social Wall attractive, dynamic and able to adapt to all types of devices. Its main features are:<\/p>\n<ul>\n<li>4 compatible social networks: Facebook, Twitter, Instagram, Pinterest<\/li>\n<li>Cross Browser adaptation<\/li>\n<li>Intelligent caching<\/li>\n<li>Optimized AJAX and PageSpeed loading<\/li>\n<li>Easy to use admin<\/li>\n<li>Easy one-click API authentication for Instagram and Facebook<\/li>\n<li>Fast CSS3 transitions and animations<\/li>\n<li>Optimized for any screen size and touch devices<\/li>\n<li>Responsive layout<\/li>\n<li>Organisation Drag&amp;Drop<\/li>\n<li>Social counters of comments, likes, visits<\/li>\n<li>Share buttons to increase engagement<\/li>\n<li>Translation ready<\/li>\n<\/ul>\n<p>[\/vc_column_text][\/vc_column][\/vc_row][vc_row][vc_column offset=&#8221;vc_col-lg-offset-1 vc_col-lg-10 vc_hidden-sm vc_hidden-xs&#8221;][vc_empty_space height=&#8221;64px&#8221;][\/vc_column][\/vc_row][vc_row][vc_column offset=&#8221;vc_col-lg-offset-1 vc_col-lg-10 vc_hidden-lg vc_hidden-md&#8221;][vc_empty_space][\/vc_column][\/vc_row][vc_row][vc_column offset=&#8221;vc_col-lg-offset-1 vc_col-lg-10&#8243;][vc_column_text css=&#8221;&#8221;]<\/p>\n<h3 style=\"text-align: center;\">DOES YOUR WEBSITE REALLY VALUE YOUR SOCIAL CONTENT?<\/h3>\n<p>[\/vc_column_text][vc_column_text css=&#8221;&#8221; el_class=&#8221;p1 h-group-circle-blue-development h-right&#8221;]<\/p>\n<p style=\"text-align: center;\">Integrating a Social Wall is a smart way to keep your site up-to-date, increase user interaction and strengthen your brand\u2019s online presence. If you want to give new energy to your site and make the most of your social channels, <a href=\"https:\/\/www.comunicazione21.com\/en\/contact\/\">contact us<\/a>.<\/p>\n<p>[\/vc_column_text]\n<div class=\"wpcf7 no-js\" id=\"wpcf7-f9146-o1\" lang=\"it-IT\" dir=\"ltr\" data-wpcf7-id=\"9146\">\n<div class=\"screen-reader-response\"><p role=\"status\" aria-live=\"polite\" aria-atomic=\"true\"><\/p> <ul><\/ul><\/div>\n<form action=\"\/en\/wp-json\/wp\/v2\/posts\/9988#wpcf7-f9146-o1\" method=\"post\" class=\"wpcf7-form init\" aria-label=\"Modulo di contatto\" novalidate=\"novalidate\" data-status=\"init\">\n<div style=\"display: none;\">\n<input type=\"hidden\" name=\"_wpcf7\" value=\"9146\" \/>\n<input type=\"hidden\" name=\"_wpcf7_version\" value=\"6.0.6\" \/>\n<input type=\"hidden\" name=\"_wpcf7_locale\" value=\"it_IT\" \/>\n<input type=\"hidden\" name=\"_wpcf7_unit_tag\" value=\"wpcf7-f9146-o1\" \/>\n<input type=\"hidden\" name=\"_wpcf7_container_post\" value=\"0\" \/>\n<input type=\"hidden\" name=\"_wpcf7_posted_data_hash\" value=\"\" \/>\n<input type=\"hidden\" name=\"_wpcf7_recaptcha_response\" value=\"\" \/>\n<\/div>\n<div class=\"vc_row wpb_row\">\n\t<div class=\"wpb_column vc_column_container vc_col-sm-6\">\n\t\t<div class=\"vc_column-inner\">\n\t\t\t<p><span class=\"wpcf7-form-control-wrap\" data-name=\"your-name\"><input size=\"40\" maxlength=\"400\" class=\"wpcf7-form-control wpcf7-text wpcf7-validates-as-required\" autocomplete=\"name\" aria-required=\"true\" aria-invalid=\"false\" placeholder=\"Name*\" value=\"\" type=\"text\" name=\"your-name\" \/><\/span>\n\t\t\t<\/p>\n\t\t<\/div>\n\t<\/div>\n\t<div class=\"wpb_column vc_column_container vc_col-sm-6\">\n\t\t<div class=\"vc_column-inner\">\n\t\t\t<p><span class=\"wpcf7-form-control-wrap\" data-name=\"your-name\"><input size=\"40\" maxlength=\"400\" class=\"wpcf7-form-control wpcf7-text wpcf7-validates-as-required\" autocomplete=\"name\" aria-required=\"true\" aria-invalid=\"false\" placeholder=\"Last Name*\" value=\"\" type=\"text\" name=\"your-name\" \/><\/span>\n\t\t\t<\/p>\n\t\t<\/div>\n\t<\/div>\n<\/div>\n<div class=\"vc_row wpb_row\">\n\t<div class=\"wpb_column vc_column_container vc_col-sm-6\">\n\t\t<div class=\"vc_column-inner\">\n\t\t\t<p><span class=\"wpcf7-form-control-wrap\" data-name=\"your-email\"><input size=\"40\" maxlength=\"400\" class=\"wpcf7-form-control wpcf7-email wpcf7-validates-as-required wpcf7-text wpcf7-validates-as-email\" autocomplete=\"email\" aria-required=\"true\" aria-invalid=\"false\" placeholder=\"E-mail*\" value=\"\" type=\"email\" name=\"your-email\" \/><\/span>\n\t\t\t<\/p>\n\t\t<\/div>\n\t<\/div>\n\t<div class=\"wpb_column vc_column_container vc_col-sm-6\">\n\t\t<div class=\"vc_column-inner\">\n\t\t\t<p><span class=\"wpcf7-form-control-wrap\" data-name=\"your-subject\"><input size=\"40\" maxlength=\"400\" class=\"wpcf7-form-control wpcf7-text wpcf7-validates-as-required\" aria-required=\"true\" aria-invalid=\"false\" placeholder=\"Subject*\" value=\"\" type=\"text\" name=\"your-subject\" \/><\/span>\n\t\t\t<\/p>\n\t\t<\/div>\n\t<\/div>\n<\/div>\n<p><span class=\"wpcf7-form-control-wrap\" data-name=\"your-message\"><textarea cols=\"40\" rows=\"10\" maxlength=\"2000\" class=\"wpcf7-form-control wpcf7-textarea\" aria-invalid=\"false\" placeholder=\"Message*\" name=\"your-message\"><\/textarea><\/span>\n<\/p>\n<p><span class=\"wpcf7-form-control-wrap\" data-name=\"acceptance-585\"><span class=\"wpcf7-form-control wpcf7-acceptance\"><span class=\"wpcf7-list-item\"><label><input type=\"checkbox\" name=\"acceptance-585\" value=\"1\" aria-invalid=\"false\" \/><span class=\"wpcf7-list-item-label\">I authorize the processing of my personal data in accordance with Italian Legislative Decree No. 196 of 30 June 2003 and Article 13 of the GDPR (EU Regulation 2016\/679).<\/span><\/label><\/span><\/span><\/span>\n<\/p>\n<p><button type=\"submit\"><span type=\"submit\" class=\"c21-btn p4\"><span class=\"c21-btn-text\">SEND<\/span><span class=\"c21-icon\"><span class=\"c21-icon-content c21-icon-cta-arrow-right-fill\"><\/span><\/span><\/span><\/button>\n<\/p><div class=\"wpcf7-response-output\" aria-hidden=\"true\"><\/div>\n<\/form>\n<\/div>\n[\/vc_column][\/vc_row]<\/p>\n<\/div>","protected":false},"excerpt":{"rendered":"<p>[vc_row][vc_column offset=&#8221;vc_col-lg-offset-1\/5 vc_col-lg-8&#8243;][vc_column_text css=&#8221;&#8221; el_class=&#8221;p1&#8243;]Say&hellip;<\/p>\n","protected":false},"author":1,"featured_media":5966,"comment_status":"closed","ping_status":"closed","sticky":false,"template":"","format":"standard","meta":{"_acf_changed":false,"footnotes":""},"categories":[52],"tags":[59,60,62],"class_list":["post-9988","post","type-post","status-publish","format-standard","has-post-thumbnail","hentry","category-digital-marketing-en","tag-marketing-en-2","tag-social-media-en-2","tag-ux-en","category-52","description-off"],"acf":[],"yoast_head":"<!-- This site is optimized with the Yoast SEO plugin v24.8.1 - https:\/\/yoast.com\/wordpress\/plugins\/seo\/ -->\n<title>Cos&#039;\u00e8 un Social Wall: ottimizza l&#039;aggiornamento del tuo sito!<\/title>\n<meta name=\"description\" content=\"Scopri cos&#039;\u00e8 un social wall e come pu\u00f2 aiutarti a mantenere il tuo sito aggiornato e dinamico in maniera facile e veloce!\" \/>\n<meta name=\"robots\" content=\"index, follow, max-snippet:-1, max-image-preview:large, max-video-preview:-1\" \/>\n<link rel=\"canonical\" href=\"https:\/\/www.comunicazione21.com\/en\/social-wall-what\/\" \/>\n<meta property=\"og:locale\" content=\"en_US\" \/>\n<meta property=\"og:type\" content=\"article\" \/>\n<meta property=\"og:title\" content=\"Cos&#039;\u00e8 un Social Wall: ottimizza l&#039;aggiornamento del tuo sito!\" \/>\n<meta property=\"og:description\" content=\"Scopri cos&#039;\u00e8 un social wall e come pu\u00f2 aiutarti a mantenere il tuo sito aggiornato e dinamico in maniera facile e veloce!\" \/>\n<meta property=\"og:url\" content=\"https:\/\/www.comunicazione21.com\/en\/social-wall-what\/\" \/>\n<meta property=\"og:site_name\" content=\"Comunicazione 21 | Web agency Conegliano, Treviso\" \/>\n<meta property=\"article:published_time\" content=\"2018-09-11T07:02:55+00:00\" \/>\n<meta property=\"article:modified_time\" content=\"2025-05-12T12:38:55+00:00\" \/>\n<meta property=\"og:image\" content=\"https:\/\/www.comunicazione21.com\/wp-content\/uploads\/2018\/09\/social-wall-cose-copertina.jpg\" \/>\n\t<meta property=\"og:image:width\" content=\"1200\" \/>\n\t<meta property=\"og:image:height\" content=\"800\" \/>\n\t<meta property=\"og:image:type\" content=\"image\/jpeg\" \/>\n<meta name=\"author\" content=\"com21admin\" \/>\n<meta name=\"twitter:card\" content=\"summary_large_image\" \/>\n<meta name=\"twitter:label1\" content=\"Written by\" \/>\n\t<meta name=\"twitter:data1\" content=\"com21admin\" \/>\n\t<meta name=\"twitter:label2\" content=\"Est. reading time\" \/>\n\t<meta name=\"twitter:data2\" content=\"5 minutes\" \/>\n<script type=\"application\/ld+json\" class=\"yoast-schema-graph\">{\"@context\":\"https:\/\/schema.org\",\"@graph\":[{\"@type\":\"Article\",\"@id\":\"https:\/\/www.comunicazione21.com\/en\/social-wall-what\/#article\",\"isPartOf\":{\"@id\":\"https:\/\/www.comunicazione21.com\/en\/social-wall-what\/\"},\"author\":{\"name\":\"com21admin\",\"@id\":\"https:\/\/www.comunicazione21.com\/#\/schema\/person\/b0ef7d849d895087ad47453a8da19030\"},\"headline\":\"Social Wall: optimize the update of your site!\",\"datePublished\":\"2018-09-11T07:02:55+00:00\",\"dateModified\":\"2025-05-12T12:38:55+00:00\",\"mainEntityOfPage\":{\"@id\":\"https:\/\/www.comunicazione21.com\/en\/social-wall-what\/\"},\"wordCount\":1136,\"publisher\":{\"@id\":\"https:\/\/www.comunicazione21.com\/#organization\"},\"image\":{\"@id\":\"https:\/\/www.comunicazione21.com\/en\/social-wall-what\/#primaryimage\"},\"thumbnailUrl\":\"https:\/\/www.comunicazione21.com\/wp-content\/uploads\/2018\/09\/social-wall-cose-copertina.jpg\",\"keywords\":[\"marketing\",\"social media\",\"ux\"],\"articleSection\":[\"Digital Marketing\"],\"inLanguage\":\"en-US\"},{\"@type\":\"WebPage\",\"@id\":\"https:\/\/www.comunicazione21.com\/en\/social-wall-what\/\",\"url\":\"https:\/\/www.comunicazione21.com\/en\/social-wall-what\/\",\"name\":\"Cos'\u00e8 un Social Wall: ottimizza l'aggiornamento del tuo sito!\",\"isPartOf\":{\"@id\":\"https:\/\/www.comunicazione21.com\/#website\"},\"primaryImageOfPage\":{\"@id\":\"https:\/\/www.comunicazione21.com\/en\/social-wall-what\/#primaryimage\"},\"image\":{\"@id\":\"https:\/\/www.comunicazione21.com\/en\/social-wall-what\/#primaryimage\"},\"thumbnailUrl\":\"https:\/\/www.comunicazione21.com\/wp-content\/uploads\/2018\/09\/social-wall-cose-copertina.jpg\",\"datePublished\":\"2018-09-11T07:02:55+00:00\",\"dateModified\":\"2025-05-12T12:38:55+00:00\",\"description\":\"Scopri cos'\u00e8 un social wall e come pu\u00f2 aiutarti a mantenere il tuo sito aggiornato e dinamico in maniera facile e veloce!\",\"breadcrumb\":{\"@id\":\"https:\/\/www.comunicazione21.com\/en\/social-wall-what\/#breadcrumb\"},\"inLanguage\":\"en-US\",\"potentialAction\":[{\"@type\":\"ReadAction\",\"target\":[\"https:\/\/www.comunicazione21.com\/en\/social-wall-what\/\"]}]},{\"@type\":\"ImageObject\",\"inLanguage\":\"en-US\",\"@id\":\"https:\/\/www.comunicazione21.com\/en\/social-wall-what\/#primaryimage\",\"url\":\"https:\/\/www.comunicazione21.com\/wp-content\/uploads\/2018\/09\/social-wall-cose-copertina.jpg\",\"contentUrl\":\"https:\/\/www.comunicazione21.com\/wp-content\/uploads\/2018\/09\/social-wall-cose-copertina.jpg\",\"width\":1200,\"height\":800},{\"@type\":\"BreadcrumbList\",\"@id\":\"https:\/\/www.comunicazione21.com\/en\/social-wall-what\/#breadcrumb\",\"itemListElement\":[{\"@type\":\"ListItem\",\"position\":1,\"name\":\"Home\",\"item\":\"https:\/\/www.comunicazione21.com\/en\/\"},{\"@type\":\"ListItem\",\"position\":2,\"name\":\"Social Wall: optimize the update of your site!\"}]},{\"@type\":\"WebSite\",\"@id\":\"https:\/\/www.comunicazione21.com\/#website\",\"url\":\"https:\/\/www.comunicazione21.com\/\",\"name\":\"Web agency Conegliano, Treviso | Comunicazione 21\",\"description\":\"We Design Your Identity\",\"publisher\":{\"@id\":\"https:\/\/www.comunicazione21.com\/#organization\"},\"potentialAction\":[{\"@type\":\"SearchAction\",\"target\":{\"@type\":\"EntryPoint\",\"urlTemplate\":\"https:\/\/www.comunicazione21.com\/?s={search_term_string}\"},\"query-input\":{\"@type\":\"PropertyValueSpecification\",\"valueRequired\":true,\"valueName\":\"search_term_string\"}}],\"inLanguage\":\"en-US\"},{\"@type\":\"Organization\",\"@id\":\"https:\/\/www.comunicazione21.com\/#organization\",\"name\":\"Comunicazione 21\",\"url\":\"https:\/\/www.comunicazione21.com\/\",\"logo\":{\"@type\":\"ImageObject\",\"inLanguage\":\"en-US\",\"@id\":\"https:\/\/www.comunicazione21.com\/#\/schema\/logo\/image\/\",\"url\":\"https:\/\/www.comunicazione21.com\/wp-content\/uploads\/2025\/02\/Logo-C21\u00ae-color.svg\",\"contentUrl\":\"https:\/\/www.comunicazione21.com\/wp-content\/uploads\/2025\/02\/Logo-C21\u00ae-color.svg\",\"width\":372,\"height\":60,\"caption\":\"Comunicazione 21\"},\"image\":{\"@id\":\"https:\/\/www.comunicazione21.com\/#\/schema\/logo\/image\/\"}},{\"@type\":\"Person\",\"@id\":\"https:\/\/www.comunicazione21.com\/#\/schema\/person\/b0ef7d849d895087ad47453a8da19030\",\"name\":\"com21admin\",\"image\":{\"@type\":\"ImageObject\",\"inLanguage\":\"en-US\",\"@id\":\"https:\/\/www.comunicazione21.com\/#\/schema\/person\/image\/\",\"url\":\"https:\/\/secure.gravatar.com\/avatar\/cb1d31d6b111e085695b7ea8ea6f6601cd9402844b2a4bb2213af5266d0a00c3?s=96&d=mm&r=g\",\"contentUrl\":\"https:\/\/secure.gravatar.com\/avatar\/cb1d31d6b111e085695b7ea8ea6f6601cd9402844b2a4bb2213af5266d0a00c3?s=96&d=mm&r=g\",\"caption\":\"com21admin\"},\"sameAs\":[\"https:\/\/www.comunicazione21.com\"]}]}<\/script>\n<!-- \/ Yoast SEO plugin. -->","yoast_head_json":{"title":"Cos'\u00e8 un Social Wall: ottimizza l'aggiornamento del tuo sito!","description":"Scopri cos'\u00e8 un social wall e come pu\u00f2 aiutarti a mantenere il tuo sito aggiornato e dinamico in maniera facile e veloce!","robots":{"index":"index","follow":"follow","max-snippet":"max-snippet:-1","max-image-preview":"max-image-preview:large","max-video-preview":"max-video-preview:-1"},"canonical":"https:\/\/www.comunicazione21.com\/en\/social-wall-what\/","og_locale":"en_US","og_type":"article","og_title":"Cos'\u00e8 un Social Wall: ottimizza l'aggiornamento del tuo sito!","og_description":"Scopri cos'\u00e8 un social wall e come pu\u00f2 aiutarti a mantenere il tuo sito aggiornato e dinamico in maniera facile e veloce!","og_url":"https:\/\/www.comunicazione21.com\/en\/social-wall-what\/","og_site_name":"Comunicazione 21 | Web agency Conegliano, Treviso","article_published_time":"2018-09-11T07:02:55+00:00","article_modified_time":"2025-05-12T12:38:55+00:00","og_image":[{"width":1200,"height":800,"url":"https:\/\/www.comunicazione21.com\/wp-content\/uploads\/2018\/09\/social-wall-cose-copertina.jpg","type":"image\/jpeg"}],"author":"com21admin","twitter_card":"summary_large_image","twitter_misc":{"Written by":"com21admin","Est. reading time":"5 minutes"},"schema":{"@context":"https:\/\/schema.org","@graph":[{"@type":"Article","@id":"https:\/\/www.comunicazione21.com\/en\/social-wall-what\/#article","isPartOf":{"@id":"https:\/\/www.comunicazione21.com\/en\/social-wall-what\/"},"author":{"name":"com21admin","@id":"https:\/\/www.comunicazione21.com\/#\/schema\/person\/b0ef7d849d895087ad47453a8da19030"},"headline":"Social Wall: optimize the update of your site!","datePublished":"2018-09-11T07:02:55+00:00","dateModified":"2025-05-12T12:38:55+00:00","mainEntityOfPage":{"@id":"https:\/\/www.comunicazione21.com\/en\/social-wall-what\/"},"wordCount":1136,"publisher":{"@id":"https:\/\/www.comunicazione21.com\/#organization"},"image":{"@id":"https:\/\/www.comunicazione21.com\/en\/social-wall-what\/#primaryimage"},"thumbnailUrl":"https:\/\/www.comunicazione21.com\/wp-content\/uploads\/2018\/09\/social-wall-cose-copertina.jpg","keywords":["marketing","social media","ux"],"articleSection":["Digital Marketing"],"inLanguage":"en-US"},{"@type":"WebPage","@id":"https:\/\/www.comunicazione21.com\/en\/social-wall-what\/","url":"https:\/\/www.comunicazione21.com\/en\/social-wall-what\/","name":"Cos'\u00e8 un Social Wall: ottimizza l'aggiornamento del tuo sito!","isPartOf":{"@id":"https:\/\/www.comunicazione21.com\/#website"},"primaryImageOfPage":{"@id":"https:\/\/www.comunicazione21.com\/en\/social-wall-what\/#primaryimage"},"image":{"@id":"https:\/\/www.comunicazione21.com\/en\/social-wall-what\/#primaryimage"},"thumbnailUrl":"https:\/\/www.comunicazione21.com\/wp-content\/uploads\/2018\/09\/social-wall-cose-copertina.jpg","datePublished":"2018-09-11T07:02:55+00:00","dateModified":"2025-05-12T12:38:55+00:00","description":"Scopri cos'\u00e8 un social wall e come pu\u00f2 aiutarti a mantenere il tuo sito aggiornato e dinamico in maniera facile e veloce!","breadcrumb":{"@id":"https:\/\/www.comunicazione21.com\/en\/social-wall-what\/#breadcrumb"},"inLanguage":"en-US","potentialAction":[{"@type":"ReadAction","target":["https:\/\/www.comunicazione21.com\/en\/social-wall-what\/"]}]},{"@type":"ImageObject","inLanguage":"en-US","@id":"https:\/\/www.comunicazione21.com\/en\/social-wall-what\/#primaryimage","url":"https:\/\/www.comunicazione21.com\/wp-content\/uploads\/2018\/09\/social-wall-cose-copertina.jpg","contentUrl":"https:\/\/www.comunicazione21.com\/wp-content\/uploads\/2018\/09\/social-wall-cose-copertina.jpg","width":1200,"height":800},{"@type":"BreadcrumbList","@id":"https:\/\/www.comunicazione21.com\/en\/social-wall-what\/#breadcrumb","itemListElement":[{"@type":"ListItem","position":1,"name":"Home","item":"https:\/\/www.comunicazione21.com\/en\/"},{"@type":"ListItem","position":2,"name":"Social Wall: optimize the update of your site!"}]},{"@type":"WebSite","@id":"https:\/\/www.comunicazione21.com\/#website","url":"https:\/\/www.comunicazione21.com\/","name":"Web agency Conegliano, Treviso | Comunicazione 21","description":"We Design Your Identity","publisher":{"@id":"https:\/\/www.comunicazione21.com\/#organization"},"potentialAction":[{"@type":"SearchAction","target":{"@type":"EntryPoint","urlTemplate":"https:\/\/www.comunicazione21.com\/?s={search_term_string}"},"query-input":{"@type":"PropertyValueSpecification","valueRequired":true,"valueName":"search_term_string"}}],"inLanguage":"en-US"},{"@type":"Organization","@id":"https:\/\/www.comunicazione21.com\/#organization","name":"Comunicazione 21","url":"https:\/\/www.comunicazione21.com\/","logo":{"@type":"ImageObject","inLanguage":"en-US","@id":"https:\/\/www.comunicazione21.com\/#\/schema\/logo\/image\/","url":"https:\/\/www.comunicazione21.com\/wp-content\/uploads\/2025\/02\/Logo-C21\u00ae-color.svg","contentUrl":"https:\/\/www.comunicazione21.com\/wp-content\/uploads\/2025\/02\/Logo-C21\u00ae-color.svg","width":372,"height":60,"caption":"Comunicazione 21"},"image":{"@id":"https:\/\/www.comunicazione21.com\/#\/schema\/logo\/image\/"}},{"@type":"Person","@id":"https:\/\/www.comunicazione21.com\/#\/schema\/person\/b0ef7d849d895087ad47453a8da19030","name":"com21admin","image":{"@type":"ImageObject","inLanguage":"en-US","@id":"https:\/\/www.comunicazione21.com\/#\/schema\/person\/image\/","url":"https:\/\/secure.gravatar.com\/avatar\/cb1d31d6b111e085695b7ea8ea6f6601cd9402844b2a4bb2213af5266d0a00c3?s=96&d=mm&r=g","contentUrl":"https:\/\/secure.gravatar.com\/avatar\/cb1d31d6b111e085695b7ea8ea6f6601cd9402844b2a4bb2213af5266d0a00c3?s=96&d=mm&r=g","caption":"com21admin"},"sameAs":["https:\/\/www.comunicazione21.com"]}]}},"_links":{"self":[{"href":"https:\/\/www.comunicazione21.com\/en\/wp-json\/wp\/v2\/posts\/9988","targetHints":{"allow":["GET"]}}],"collection":[{"href":"https:\/\/www.comunicazione21.com\/en\/wp-json\/wp\/v2\/posts"}],"about":[{"href":"https:\/\/www.comunicazione21.com\/en\/wp-json\/wp\/v2\/types\/post"}],"author":[{"embeddable":true,"href":"https:\/\/www.comunicazione21.com\/en\/wp-json\/wp\/v2\/users\/1"}],"replies":[{"embeddable":true,"href":"https:\/\/www.comunicazione21.com\/en\/wp-json\/wp\/v2\/comments?post=9988"}],"version-history":[{"count":4,"href":"https:\/\/www.comunicazione21.com\/en\/wp-json\/wp\/v2\/posts\/9988\/revisions"}],"predecessor-version":[{"id":10077,"href":"https:\/\/www.comunicazione21.com\/en\/wp-json\/wp\/v2\/posts\/9988\/revisions\/10077"}],"wp:featuredmedia":[{"embeddable":true,"href":"https:\/\/www.comunicazione21.com\/en\/wp-json\/wp\/v2\/media\/5966"}],"wp:attachment":[{"href":"https:\/\/www.comunicazione21.com\/en\/wp-json\/wp\/v2\/media?parent=9988"}],"wp:term":[{"taxonomy":"category","embeddable":true,"href":"https:\/\/www.comunicazione21.com\/en\/wp-json\/wp\/v2\/categories?post=9988"},{"taxonomy":"post_tag","embeddable":true,"href":"https:\/\/www.comunicazione21.com\/en\/wp-json\/wp\/v2\/tags?post=9988"}],"curies":[{"name":"wp","href":"https:\/\/api.w.org\/{rel}","templated":true}]}}